{"id":4791,"date":"2015-05-05T12:22:16","date_gmt":"2015-05-05T12:22:16","guid":{"rendered":"http:\/\/www.faredecorazione.it\/?p=4791"},"modified":"2023-05-08T12:33:07","modified_gmt":"2023-05-08T12:33:07","slug":"passato-e-presente-nelle-residenze-di-goes","status":"publish","type":"post","link":"https:\/\/www.faredecorazione.it\/?p=4791","title":{"rendered":"Passato e presente nelle residenze di Goes"},"content":{"rendered":"<div class=\"pdfprnt-buttons pdfprnt-buttons-post pdfprnt-top-right\"><a href=\"https:\/\/www.faredecorazione.it\/index.php?rest_route=wpv2posts4791&print=pdf\" class=\"pdfprnt-button pdfprnt-button-pdf\" target=\"_blank\"><img decoding=\"async\" src=\"http:\/\/www.faredecorazione.it\/wp-content\/plugins\/pdf-print\/images\/pdf.png\" alt=\"image_pdf\" title=\"Visualizza PDF\" \/><span class=\"pdfprnt-button-title pdfprnt-button-pdf-title\">Scarica PDF - Download PDF<\/span><\/a><\/div><p style=\"text-align: left;\">Non c&#8217;\u00e8 dubbio che nel corso del secolo XX la cultura della decorazione abbia fatto registrare una generale battuta d&#8217;arresto in ogni settore, sprofondando in una crisi ancor oggi lontana dall&#8217;essere superata. E tuttavia, questo inizio di secolo XXI lascia intravvedere qualche segno di ripresa, quantomeno producendo esperienze riconducibili a una idea generale di decoro, capace da stimolare successive e meglio riuscite realizzazioni. Un esempio in ambito architettonico \u00e8 costituito dalle residenze della cittadina olandese di Goes, completate nel 2012 su progetto degli architetti Ralf Pasel e Frederik Kuenzel, dello Studio Pasel-Kuenzel di Rotterdam.<\/p>\n<p style=\"text-align: left;\">Situato nel sud-ovest dei Paesi Bassi, alla foce del fiume Schelda, Goes e&#8217; un centro urbano dalle origini e dalla forte impronta medioevale, e gli elementi riconducibili a tale periodo storico non mancano in questi edifici di recente costruzione. In essi viene prediletto un impianto costruttivo di tipo verticale, sottolineato dal fatto che la parte alta della facciata prende la forma triangolare di un frontone raccordato ad un tetto decisamente spiovente. Inoltre, le finestre fortemente incassate rievocano le feritoie di una fortezza.<\/p>\n<p style=\"text-align: left;\">Ultima, ma certo non meno importante, spicca la presenza di parapetti in metallo dorato. Se da un lato il disegno di tali parapetti (messo in opera mediante il taglio laser) rievoca i tradizionali merletti a fuselli, tipici della zona, dall&#8217;altro la scelta a favore della doratura chiama in causa, pi\u00f9 che una nota di preziosismo fine a se stessa, quella dimensione spirituale che nella civilt\u00e0 e nello stile Gotico, e tanto pi\u00f9 nell&#8217;Europa settentrionale, \u00e8 della massima importanza.<\/p>\n<p style=\"text-align: left;\">Va anche sottolineato, per\u00f2, che le invenzioni che arricchiscono la facciata funzionano meglio per il singolo edificio. Infatti, una volta che la ripetizione si attua su entrambi i lati della via e senza variazioni apprezzabili, l&#8217;effetto d&#8217;insieme che si origina d\u00e0 luogo ad una visione eccessivamente seriale, a rischio di monotonia. Purtroppo non e&#8217; bastato alternare tetti spioventi con tetti piani, o mattoni faccia a vista di colore scuro con mattoni di colore chiaro: la regolarit\u00e0 ha prepotentemente il sopravvento sulla dinamicit\u00e0.<\/p>\n<p style=\"text-align: left;\">In conclusione, si pu\u00f2 dire che questo modello di edificio abbia la meglio in una ipotetico confronto con i pi\u00f9 diffusi e attuali modelli residenziali, ma fatichi a reggere il confronto con il pi\u00f9 ricco e diversificato panorama architettonico che contraddistingue l&#8217;area del porto vecchio di Goes.<\/p>\n<p style=\"text-align: left;\">Ciononostante, il bilancio che se ne pu\u00f2 trarre \u00e8 ampiamente positivo, ed \u00e8 la testimonianza concreta di come, senza incorrere in alti costi di realizzazione, anche attraverso le moderne tecnologie sia possibile produrre oggetti dotati di decoro. Un decoro non fine a se stesso, ma radicato nei contenuti e nelle tradizioni del territorio in cui si inserisce.<\/p>\n<pre style=\"text-align: left;\"><em>In alto e sotto: Pasel-Kuenzel Architects, Quartiere residenziale, 2012, Goes (Courtesy Pasel-Kuenzel Architects).<\/em><\/pre>\n<p><a href=\"http:\/\/www.faredecorazione.it\/wp-content\/uploads\/2015\/05\/50c7e192b3fc4b2b100000fb_zeeuws-housing-pasel-kuenzel-architects_08_paselkuenzel_goes-72-528x414.jpg\"><img loading=\"lazy\" decoding=\"async\" class=\"alignleft\" title=\"50c7e192b3fc4b2b100000fb_zeeuws-housing-pasel-kuenzel-architects_08_paselkuenzel_goes-72-528x414\" src=\"http:\/\/www.faredecorazione.it\/wp-content\/uploads\/2015\/05\/50c7e192b3fc4b2b100000fb_zeeuws-housing-pasel-kuenzel-architects_08_paselkuenzel_goes-72-528x414.jpg\" alt=\"\" width=\"1582\" height=\"1241\"><\/a><\/p>\n","protected":false},"excerpt":{"rendered":"<p>Una via olandese al decoro architettonico \u2022 di Francesca Spezia<\/p>\n<div class=\"more-link-wrapper\"><a class=\"more-link\" href=\"https:\/\/www.faredecorazione.it\/?p=4791\">Continua a leggere<span class=\"screen-reader-text\">Passato e presente nelle residenze di Goes<\/span><\/a><\/div>\n","protected":false},"author":2,"featured_media":4793,"comment_status":"open","ping_status":"closed","sticky":false,"template":"","format":"standard","meta":{"_s2mail":"yes","footnotes":"","iawp_total_views":5},"categories":[554,477],"tags":[255,317,318],"_links":{"self":[{"href":"https:\/\/www.faredecorazione.it\/index.php?rest_route=\/wp\/v2\/posts\/4791"}],"collection":[{"href":"https:\/\/www.faredecorazione.it\/index.php?rest_route=\/wp\/v2\/posts"}],"about":[{"href":"https:\/\/www.faredecorazione.it\/index.php?rest_route=\/wp\/v2\/types\/post"}],"author":[{"embeddable":true,"href":"https:\/\/www.faredecorazione.it\/index.php?rest_route=\/wp\/v2\/users\/2"}],"replies":[{"embeddable":true,"href":"https:\/\/www.faredecorazione.it\/index.php?rest_route=%2Fwp%2Fv2%2Fcomments&post=4791"}],"version-history":[{"count":23,"href":"https:\/\/www.faredecorazione.it\/index.php?rest_route=\/wp\/v2\/posts\/4791\/revisions"}],"predecessor-version":[{"id":19053,"href":"https:\/\/www.faredecorazione.it\/index.php?rest_route=\/wp\/v2\/posts\/4791\/revisions\/19053"}],"wp:featuredmedia":[{"embeddable":true,"href":"https:\/\/www.faredecorazione.it\/index.php?rest_route=\/wp\/v2\/media\/4793"}],"wp:attachment":[{"href":"https:\/\/www.faredecorazione.it\/index.php?rest_route=%2Fwp%2Fv2%2Fmedia&parent=4791"}],"wp:term":[{"taxonomy":"category","embeddable":true,"href":"https:\/\/www.faredecorazione.it\/index.php?rest_route=%2Fwp%2Fv2%2Fcategories&post=4791"},{"taxonomy":"post_tag","embeddable":true,"href":"https:\/\/www.faredecorazione.it\/index.php?rest_route=%2Fwp%2Fv2%2Ftags&post=4791"}],"curies":[{"name":"wp","href":"https:\/\/api.w.org\/{rel}","templated":true}]}}