{"id":3629,"date":"2014-07-04T22:51:05","date_gmt":"2014-07-04T22:51:05","guid":{"rendered":"http:\/\/www.faredecorazione.it\/?p=3629"},"modified":"2023-05-08T12:04:27","modified_gmt":"2023-05-08T12:04:27","slug":"enrico-maria-davoli-nuovi-musei-civici-di-reggio-emilia-i-costi-del-decoro","status":"publish","type":"post","link":"https:\/\/www.faredecorazione.it\/?p=3629","title":{"rendered":"Nuovi Musei Civici di Reggio Emilia"},"content":{"rendered":"<div class=\"pdfprnt-buttons pdfprnt-buttons-post pdfprnt-top-right\"><a href=\"https:\/\/www.faredecorazione.it\/index.php?rest_route=wpv2posts3629&print=pdf\" class=\"pdfprnt-button pdfprnt-button-pdf\" target=\"_blank\"><img decoding=\"async\" src=\"http:\/\/www.faredecorazione.it\/wp-content\/plugins\/pdf-print\/images\/pdf.png\" alt=\"image_pdf\" title=\"Visualizza PDF\" \/><span class=\"pdfprnt-button-title pdfprnt-button-pdf-title\">Scarica PDF - Download PDF<\/span><\/a><\/div><p style=\"text-align: left;\">La recente inaugurazione (4 maggio 2014) della prima <em>tranche<\/em> dei nuovi Musei Civici di Reggio Emilia, realizzata su progetto dell&#8217;architetto Italo Rota, \u00e8 una buona occasione per fare il punto su un dibattito iniziatosi circa tre anni fa. In quella fase, un gruppo di cittadini liberamente costituitisi in \u201cComitato Amici dei Musei Civici\u201d inizi\u00f2 a rivolgere all&#8217;Amministrazione Comunale una serie di osservazioni riguardanti svariati aspetti vaghi e nebulosi del progetto (o \u201cconcept\u201d, come lo stesso architetto Rota ebbe a definirlo), aspetti che vedevano gravemente alterata la fisionomia dei Musei stessi, senza peraltro offrire alcuna garanzia in termini scientifici e culturali.<\/p>\n<p style=\"text-align: left;\">Ricordiamo alcune delle proposte pi\u00f9 discutibili formulate da Rota e subito fatte proprie dall&#8217;Amministrazione <span style=\"color: #993366;\"><strong>\u23291\u232a<\/strong><\/span>: 1. realizzazione di un nuovo ingresso seminterrato nella porzione storicamente pi\u00f9 marginale ed angusta dell&#8217;edificio; 2. messa a dimora, nella corrispondente parte esterna del palazzo, di un assurdo e costoso verde verticale; 3. installazione di una dozzina di colonne a fungo in acciaio specchiante, alte dieci metri, nell&#8217;area antistante l&#8217;ingresso; 4. allestimento in punti-chiave del museo di opere ambientali aventi funzione \u201cludico-pedagogica\u201d (le virgolette sono d&#8217;obbligo), quali ad esempio un acquario con finte gambe umane galleggianti; 5. rivisitazione complessiva, a base di tappezzerie di gusto neopop e gadget tecnologici, degli spazi dedicati alle collezioni storiche; 6. riordino delle collezioni stesse in base a criteri museograficamente imprecisati, basati su libere associazioni di pensiero.<\/p>\n<figure id=\"attachment_3633\" aria-describedby=\"caption-attachment-3633\" style=\"width: 1496px\" class=\"wp-caption alignleft\"><a href=\"http:\/\/www.faredecorazione.it\/wp-content\/uploads\/2014\/07\/11.jpg\"><img loading=\"lazy\" decoding=\"async\" class=\"wp-image-3633\" title=\"11\" src=\"http:\/\/www.faredecorazione.it\/wp-content\/uploads\/2014\/07\/11-1024x768.jpg\" alt=\"\" width=\"1496\" height=\"1122\" srcset=\"https:\/\/www.faredecorazione.it\/wp-content\/uploads\/2014\/07\/11-1024x768.jpg 1024w, https:\/\/www.faredecorazione.it\/wp-content\/uploads\/2014\/07\/11-300x225.jpg 300w, https:\/\/www.faredecorazione.it\/wp-content\/uploads\/2014\/07\/11-305x228.jpg 305w\" sizes=\"(max-width: 1496px) 100vw, 1496px\" \/><\/a><figcaption id=\"caption-attachment-3633\" class=\"wp-caption-text\"><em>Italo Rota, la nuova sala &#8220;Agor\u00e0&#8221; dei Musei Civici di Reggio Emilia.<\/em><\/figcaption><\/figure>\n<p style=\"text-align: left;\">Ora, un&#8217;osservazione si impone all&#8217;indomani di questa prima inaugurazione. E cio\u00e8, nessuna delle proposte sopra elencate si \u00e8 per ora realizzata, essendosi Rota limitato ad intervenire su spazi posti al piano superiore dell&#8217;edificio, senza sostanzialmente modificare l&#8217;esistente e soprassedendo a qualunque pesante operazione di <em>maquillage<\/em> interno od esterno. Che il progettista e l&#8217;amministrazione siano pervenuti autonomamente a tale decisione, o sotto sotto non abbiano invece accolto le obiezioni del Comitato di cittadini, poco importa, di fronte al positivo bilancio &#8211; estetico ed economico &#8211; che si pu\u00f2 trarre da quanto avvenuto fin qui.<\/p>\n<p style=\"text-align: left;\">Un dato che fa ben sperare sta nel fatto che le collezioni e i nessi storico-culturali ad esse sottesi non sono stati manomessi, pur essendovi tutta la libert\u00e0, negli spazi appena inaugurati, di sperimentare in via temporanea accostamenti, suggestioni, riletture creative, secondo quei dettami teorici, peraltro assai farraginosi, che lo stesso Rota riassume per l&#8217;occasione nel testo dal titolo <em>For Inspiration Only<\/em> e nell&#8217;omonima vetrina da lui stesso allestita. Altro dato incoraggiante \u00e8 che, allo stato attuale, la quinta prospettica di Palazzo San Francesco sulla piazza dei teatri di Reggio Emilia non \u00e8 stata agghindata con quei futili richiami visivi, a met\u00e0 strada tra un ristorante alla moda e il piazzale di un autogrill, che inizialmente si prevedevano. Il che significa che il decoro garbato e senza tempo di un antico palazzo \u00e8 finora riuscito a tenere testa, vivaddio, all&#8217;esibizione di trovatine a loro tempo presentate come originali e, invece, viste e riviste anche per mano dello stesso Rota, che nel 2007 aveva gi\u00e0 riempito di funghi metallici la biblioteca da lui progettata nell&#8217;ex chiesa di Sant&#8217;Elena a Palermo.<\/p>\n<figure id=\"attachment_3637\" aria-describedby=\"caption-attachment-3637\" style=\"width: 1512px\" class=\"wp-caption alignleft\"><a href=\"http:\/\/www.faredecorazione.it\/wp-content\/uploads\/2014\/07\/img-05.jpg\"><img loading=\"lazy\" decoding=\"async\" class=\"wp-image-3637\" title=\"img-05\" src=\"http:\/\/www.faredecorazione.it\/wp-content\/uploads\/2014\/07\/img-05.jpg\" alt=\"\" width=\"1512\" height=\"1134\" srcset=\"https:\/\/www.faredecorazione.it\/wp-content\/uploads\/2014\/07\/img-05.jpg 800w, https:\/\/www.faredecorazione.it\/wp-content\/uploads\/2014\/07\/img-05-300x225.jpg 300w, https:\/\/www.faredecorazione.it\/wp-content\/uploads\/2014\/07\/img-05-305x228.jpg 305w\" sizes=\"(max-width: 1512px) 100vw, 1512px\" \/><\/a><figcaption id=\"caption-attachment-3637\" class=\"wp-caption-text\"><em>Il rendering di uno dei riallestimenti previsti da Italo Rota per i Musei Civici di Reggio Emilia.<\/em><\/figcaption><\/figure>\n<p style=\"text-align: left;\">Quanto agli aspetti economici, il consuntivo \u00e8 molto semplice: il solo prendere atto che un palazzo posto nel centro storico di una media citt\u00e0 italiana ha gi\u00e0 un suo decoro sia esterno che interno, che gli deriva da qualche secolo di vicende architettoniche svoltesi nel segno dell&#8217;arte e non dell&#8217;edilizia, e che non ha quindi bisogno di un <em>maquillage<\/em> ma semmai, ove necessario, di normale manutenzione, comporta di per s\u00e9 un risparmio di diverse centinaia di migliaia di euro. Parlando solo di spese di realizzazione, giacch\u00e9 quelle indotte a lungo termine potrebbero rivelarsi non meno importanti. Insomma il decoro, quello vero, non costa ma semmai conviene, nell&#8217;immediato e in prospettiva.<\/p>\n<p style=\"text-align: left;\">Ma attenzione: si tratta, lo abbiamo detto, della prima <em>tranche<\/em>, ed \u00e8 sperabile che, alla ripresa dei lavori e con l&#8217;insediamento della nuova amministrazione comunale uscita dalle elezioni di fine maggio, non si tornino a cavalcare le stesse, inutili proposte rimaste fin qui sulla carta. Solo a fine lavori si vedr\u00e0 se i segnali di ragionevolezza emersi in questa prima fase avranno finalmente avuto la meglio.<\/p>\n<pre style=\"text-align: left;\"><span style=\"color: #993366;\"><strong>\u23291\u232a<\/strong><\/span> Vedi, su questa stessa rivista, E.M. Davoli,&nbsp;<em>Italo Rota a Reggio Emilia<\/em>, 14 maggio 2012 (http:\/\/www.faredecorazione.it\/?p=104)<em>&nbsp;<\/em>e E.M. Davoli,<em> La colonna a fungo<\/em>, 1 gennaio 2013 (http:\/\/www.faredecorazione.it\/?p=1628). Per informazioni di carattere generale sulla vicenda, si veda il blog <span style=\"text-decoration: underline;\">amicideimuseicivici.blogspot.it<\/span>.\n\n<em>In alto: Il palazzo dei Civici Musei di Reggio Emilia. Sotto: una veduta fotografica dell'ambiente contenente l'allestimento di Italo Rota \"For Inspiration Only\" (www.musei.re.it). <\/em><\/pre>\n<p><em><em><a href=\"http:\/\/www.faredecorazione.it\/wp-content\/uploads\/2014\/07\/01_VAN308.png\"><img loading=\"lazy\" decoding=\"async\" class=\"alignleft\" title=\"01_VAN308\" src=\"http:\/\/www.faredecorazione.it\/wp-content\/uploads\/2014\/07\/01_VAN308.png\" alt=\"\" width=\"1488\" height=\"1488\"><\/a><\/em> <\/em><\/p>\n","protected":false},"excerpt":{"rendered":"<p>Quanto costa il decoro architettonico? \u2022 di Enrico Maria Davoli<\/p>\n<div class=\"more-link-wrapper\"><a class=\"more-link\" href=\"https:\/\/www.faredecorazione.it\/?p=3629\">Continua a leggere<span class=\"screen-reader-text\">Nuovi Musei Civici di Reggio Emilia<\/span><\/a><\/div>\n","protected":false},"author":2,"featured_media":8864,"comment_status":"open","ping_status":"open","sticky":false,"template":"","format":"standard","meta":{"_s2mail":"yes","footnotes":"","iawp_total_views":56},"categories":[554,409],"tags":[134,156,157,44,126],"_links":{"self":[{"href":"https:\/\/www.faredecorazione.it\/index.php?rest_route=\/wp\/v2\/posts\/3629"}],"collection":[{"href":"https:\/\/www.faredecorazione.it\/index.php?rest_route=\/wp\/v2\/posts"}],"about":[{"href":"https:\/\/www.faredecorazione.it\/index.php?rest_route=\/wp\/v2\/types\/post"}],"author":[{"embeddable":true,"href":"https:\/\/www.faredecorazione.it\/index.php?rest_route=\/wp\/v2\/users\/2"}],"replies":[{"embeddable":true,"href":"https:\/\/www.faredecorazione.it\/index.php?rest_route=%2Fwp%2Fv2%2Fcomments&post=3629"}],"version-history":[{"count":45,"href":"https:\/\/www.faredecorazione.it\/index.php?rest_route=\/wp\/v2\/posts\/3629\/revisions"}],"predecessor-version":[{"id":19035,"href":"https:\/\/www.faredecorazione.it\/index.php?rest_route=\/wp\/v2\/posts\/3629\/revisions\/19035"}],"wp:featuredmedia":[{"embeddable":true,"href":"https:\/\/www.faredecorazione.it\/index.php?rest_route=\/wp\/v2\/media\/8864"}],"wp:attachment":[{"href":"https:\/\/www.faredecorazione.it\/index.php?rest_route=%2Fwp%2Fv2%2Fmedia&parent=3629"}],"wp:term":[{"taxonomy":"category","embeddable":true,"href":"https:\/\/www.faredecorazione.it\/index.php?rest_route=%2Fwp%2Fv2%2Fcategories&post=3629"},{"taxonomy":"post_tag","embeddable":true,"href":"https:\/\/www.faredecorazione.it\/index.php?rest_route=%2Fwp%2Fv2%2Ftags&post=3629"}],"curies":[{"name":"wp","href":"https:\/\/api.w.org\/{rel}","templated":true}]}}