{"id":252,"date":"2012-05-15T09:57:24","date_gmt":"2012-05-15T09:57:24","guid":{"rendered":"http:\/\/www.faredecorazione.it\/?p=252"},"modified":"2023-05-05T21:24:59","modified_gmt":"2023-05-05T21:24:59","slug":"sul-bel-danubio-blu","status":"publish","type":"post","link":"https:\/\/www.faredecorazione.it\/?p=252","title":{"rendered":"Sul bel Danubio blu"},"content":{"rendered":"<div class=\"pdfprnt-buttons pdfprnt-buttons-post pdfprnt-top-right\"><a href=\"https:\/\/www.faredecorazione.it\/index.php?rest_route=wpv2posts252&print=pdf\" class=\"pdfprnt-button pdfprnt-button-pdf\" target=\"_blank\"><img decoding=\"async\" src=\"http:\/\/www.faredecorazione.it\/wp-content\/plugins\/pdf-print\/images\/pdf.png\" alt=\"image_pdf\" title=\"Visualizza PDF\" \/><span class=\"pdfprnt-button-title pdfprnt-button-pdf-title\">Scarica PDF - Download PDF<\/span><\/a><\/div><p style=\"text-align: left;\">Eclettismo \u00e8 quella sensibilit\u00e0 vasta, ramificata ed onnivora che rappresenta il cuore pulsante dell&#8217;arte europea dell&#8217;800. Mescolando spunti stilistici e iconografici eterogenei, abbondando nelle citazioni, indulgendo al <em>revival<\/em>, mettendo mano a tutte le risorse della cultura, del mestiere e della tradizione, l&#8217;eclettismo \u00e8 una <em>forma mentis<\/em> che affiora ovunque nell&#8217;arte ottocentesca, senza distinzioni di linguaggio e di tecnica. Pittori, scultori e architetti del secolo XIX mostrano grande disinvoltura nel far convivere pi\u00f9 registri espressivi, nell&#8217;attingere a fonti di ispirazione diverse, nello sfoggiare erudizione, soprattutto nell&#8217;imperante genere storico-celebrativo-dinastico. E&#8217; appunto questo l&#8217;atteggiamento eclettico: un atteggiamento colto, enciclopedico fino all&#8217;esibizionismo e al kitsch. Esso trionfa alle esposizioni ufficiali, informa l&#8217;insegnamento accademico, viene alimentato da una committenza ricca e ambiziosa. Nemmeno le punte di pi\u00f9 forte dissenso rispetto a questo modo di fare arte \u2013 la pittura impressionista francese ad esempio \u2013 sono esenti da compromessi eclettici.<\/p>\n<p>Eclettismo non \u00e8 tanto una corrente quanto piuttosto un modo di essere \u201ctrasversale\u201d, tipico di una civilt\u00e0 al suo apice, una civilt\u00e0 consapevole di un grande passato e di un presente radioso. L&#8217;artista eclettico pecca per eccesso di confidenza e di sicurezza, non certo di modestia e di riserbo. E se vi \u00e8 un campo in cui tutto ci\u00f2 si pu\u00f2 toccare con mano, \u00e8 quello dell&#8217;architettura e degli apparati decorativi che ad essa si applicano. Qui il secolo XIX non si fa mancare nulla: teatri, tribunali, ministeri, ville, palazzi, mostrano una incredibile quantit\u00e0 di variazioni sul tema degli ordini architettonici, una grande ricchezza di soluzioni nel campo dell&#8217;ornamentazione pittorica e plastica, una tendenza quasi congenita all&#8217;ostentazione e all&#8217;iperbole. Ma quando il livello inventivo \u00e8 alto, nascono capolavori come il teatro dell&#8217;Op\u00e9ra di Parigi (Charles Garnier) o i suoi omologhi di Vienna e Dresda (Gottfried Semper) o la Mole di Torino (Alessandro Antonelli), per non fare che pochi esempi tra i mille possibili.<\/p>\n<figure id=\"attachment_9185\" aria-describedby=\"caption-attachment-9185\" style=\"width: 1558px\" class=\"wp-caption alignnone\"><a href=\"http:\/\/www.faredecorazione.it\/wp-content\/uploads\/2012\/05\/vienne_hermes_villa21.jpg\"><img loading=\"lazy\" decoding=\"async\" class=\"wp-image-9185\" src=\"http:\/\/www.faredecorazione.it\/wp-content\/uploads\/2012\/05\/vienne_hermes_villa21.jpg\" alt=\"\" width=\"1558\" height=\"1039\" srcset=\"https:\/\/www.faredecorazione.it\/wp-content\/uploads\/2012\/05\/vienne_hermes_villa21.jpg 600w, https:\/\/www.faredecorazione.it\/wp-content\/uploads\/2012\/05\/vienne_hermes_villa21-300x200.jpg 300w\" sizes=\"(max-width: 1558px) 100vw, 1558px\" \/><\/a><figcaption id=\"caption-attachment-9185\" class=\"wp-caption-text\"><em>Hans Makart, Decorazione a soffitto in stile neobarocco, 1882-86, Vienna, Villa Hermes.<\/em><\/figcaption><\/figure>\n<p style=\"text-align: left;\">In Germania e in Austria, cio\u00e8 l&#8217;area culturale familiare a Loos, il discorso sull&#8217;Eclettismo si complica ancora di pi\u00f9. Nel senso che l&#8217;atteggiamento eclettico ha una partenza addirittura anticipata rispetto al resto d&#8217;Europa (sin dagli anni del Congresso di Vienna, 1814-15, e del successo dello stile <em>Biedermeier<\/em>) e non arriva mai alle audacie sperimentali, alle aperte rivolte che animano lo scenario francese e parigino in particolare. Insomma, Loos ha vita relativamente facile nel voler vedere nell&#8217;800 di casa sua, soprattutto nel campo delle arti applicate e degli oggetti d&#8217;uso, una sorta di scenario da operetta o da valzer di Strauss, misconoscendone gli aspetti pi\u00f9 problematici e, come vedremo, trattando l&#8217;esperienza liberty-secessionista viennese alla stregua di un evento minore e trascurabile. E pu\u00f2 cos\u00ec impostare quel gioco al ribasso, dalla logica apparentemente inoppugnabile ma in realt\u00e0 arbitraria, teso a dimostrare che la mancanza di uno stile, anzi, la rinuncia ad uno stile quale che esso sia, \u00e8 da vedere non come un punto di debolezza ma semmai di forza. Abbiamo finora avuto molti stili? Addirittura tutti insieme, mescolati l&#8217;uno all&#8217;altro? Ebbene, il rimedio consiste nel non averne nessuno. Questa \u00e8 la logica del \u201ctanto peggio, tanto meglio\u201d cui Loos sacrifica ogni altro ragionamento.<\/p>\n<p style=\"text-align: left;\">Dopo l&#8217;iniziale excursus antropologico a cavallo tra infanzia, selvaggi e criminali, l&#8217;autore di <em>Ornamento e delitto<\/em> passa ora ad altri argomenti e ad altri toni. Smessi i panni dello scienziato di scuola lombrosiana, egli indossa quelli del Messia annunciatore di verit\u00e0, la vittima sacrificale che si immola sull&#8217;altare del Nuovo: \u00abGuardate, il momento si approssima, il compimento ci attende: Presto le vie della citt\u00e0 risplenderanno come bianche muraglie! Come Sion, la citt\u00e0 santa, la capitale del cielo. Allora sar\u00e0 il compimento\u00bb. E subito dopo, con un ulteriore cambio di passo, si atteggia a rivoluzionario intento a smascherare la tirannide: \u00abPerch\u00e9 in fondo \u00e8 pur vero che ogni Stato parte dal presupposto che un popolo dal basso livello civile \u00e8 tanto pi\u00f9 facile da governare\u00bb. Come a voler affermare fin da subito &#8211; ed \u00e8 un&#8217;altalena dialettica che si ripropone lungo tutto il saggio &#8211; che l&#8217;ornamento fa a pugni non solo con la Razionalit\u00e0 e il Progresso, ma anche con la Storia e perfino con la Provvidenza, qualunque essa sia, umana o divina.<\/p>\n<figure id=\"attachment_9186\" aria-describedby=\"caption-attachment-9186\" style=\"width: 1595px\" class=\"wp-caption alignnone\"><a href=\"http:\/\/www.faredecorazione.it\/wp-content\/uploads\/2012\/05\/vienne_hermes_villa19.jpg\"><img loading=\"lazy\" decoding=\"async\" class=\"wp-image-9186\" src=\"http:\/\/www.faredecorazione.it\/wp-content\/uploads\/2012\/05\/vienne_hermes_villa19.jpg\" alt=\"\" width=\"1595\" height=\"1063\" srcset=\"https:\/\/www.faredecorazione.it\/wp-content\/uploads\/2012\/05\/vienne_hermes_villa19.jpg 600w, https:\/\/www.faredecorazione.it\/wp-content\/uploads\/2012\/05\/vienne_hermes_villa19-300x200.jpg 300w\" sizes=\"(max-width: 1595px) 100vw, 1595px\" \/><\/a><figcaption id=\"caption-attachment-9186\" class=\"wp-caption-text\"><em>Hans Makart, Decorazione a soffitto e a parete alla maniera pompeiano, 1882-86, Vienna, Villa Hermes.<\/em><\/figcaption><\/figure>\n<p style=\"text-align: left;\">A questo punto bisogna ammettere che un titolo come <em>Ornamento e delitto<\/em>, pur cos\u00ec tremendamente serio, non riassume appieno il progetto di Loos, o quantomeno non ne riassume che la componente profana. S\u00ec, perch\u00e9 in Adolf Loos, figlio di quella Moravia che, ancor prima di Lutero, aveva conosciuto la predicazione di Jan Hus, e dove pi\u00f9 ferocemente aveva imperversato la guerra fra Protestanti e Cattolici, c&#8217;\u00e8 anche una componente sacra, o per meglio dire fanatica e iconoclasta, come in un redivivo Savonarola che predica il \u201cbruciamento delle vanit\u00e0\u201d. E se proprio le si volesse dedicare un titolo, dovrebbe essere piuttosto <em>Ornamento e peccato.<\/em><\/p>\n<p style=\"text-align: left;\">Come valutare tutto ci\u00f2? Si tratta di un atteggiamento sincero, che viene dal profondo della sensibilit\u00e0 di Loos, o di una recita abilmente condotta? Probabilmente sia l&#8217;uno che l&#8217;altro, come avviene in tutte le personalit\u00e0 forti ma al tempo stesso disturbate, abili nello sfruttare a proprio vantaggio anche i lati pi\u00f9 ambigui del proprio io. Per ora accontentiamoci di notare che, quanto a eclettismo, Loos non \u00e8 secondo a nessuno. La sua disinvoltura nell&#8217;accostare tesi eterogenee, nel mescolare le carte in modo tale da non focalizzare mai l&#8217;attenzione su nessun specifico problema, \u00e8 il tratto davvero caratterizzante di<em> Ornamento e delitto<\/em>.<\/p>\n<pre style=\"text-align: justify;\"><em>In alto: Hans Makart (su disegno di), Vetrata, 1882-86, Villa Hermes, Vienna. Sotto: cartolina d'epoca raffigurante il Neues Hofburgtheater di Vienna.<\/em><\/pre>\n<p><a href=\"http:\/\/www.faredecorazione.it\/wp-content\/uploads\/2012\/05\/81tZTwKuqbL._AC_SX679_.jpg\"><img loading=\"lazy\" decoding=\"async\" class=\"alignleft wp-image-13668\" src=\"http:\/\/www.faredecorazione.it\/wp-content\/uploads\/2012\/05\/81tZTwKuqbL._AC_SX679_.jpg\" alt=\"\" width=\"1401\" height=\"879\" srcset=\"https:\/\/www.faredecorazione.it\/wp-content\/uploads\/2012\/05\/81tZTwKuqbL._AC_SX679_.jpg 679w, https:\/\/www.faredecorazione.it\/wp-content\/uploads\/2012\/05\/81tZTwKuqbL._AC_SX679_-300x188.jpg 300w\" sizes=\"(max-width: 1401px) 100vw, 1401px\" \/><\/a><\/p>\n","protected":false},"excerpt":{"rendered":"<p>Loos e la modernit\u00e0 \u2022 di Enrico Maria Davoli<\/p>\n<div class=\"more-link-wrapper\"><a class=\"more-link\" href=\"https:\/\/www.faredecorazione.it\/?p=252\">Continua a leggere<span class=\"screen-reader-text\">Sul bel Danubio blu<\/span><\/a><\/div>\n","protected":false},"author":2,"featured_media":9183,"comment_status":"open","ping_status":"open","sticky":false,"template":"","format":"standard","meta":{"_s2mail":"yes","footnotes":"","iawp_total_views":16},"categories":[554,409],"tags":[134,26,128],"_links":{"self":[{"href":"https:\/\/www.faredecorazione.it\/index.php?rest_route=\/wp\/v2\/posts\/252"}],"collection":[{"href":"https:\/\/www.faredecorazione.it\/index.php?rest_route=\/wp\/v2\/posts"}],"about":[{"href":"https:\/\/www.faredecorazione.it\/index.php?rest_route=\/wp\/v2\/types\/post"}],"author":[{"embeddable":true,"href":"https:\/\/www.faredecorazione.it\/index.php?rest_route=\/wp\/v2\/users\/2"}],"replies":[{"embeddable":true,"href":"https:\/\/www.faredecorazione.it\/index.php?rest_route=%2Fwp%2Fv2%2Fcomments&post=252"}],"version-history":[{"count":51,"href":"https:\/\/www.faredecorazione.it\/index.php?rest_route=\/wp\/v2\/posts\/252\/revisions"}],"predecessor-version":[{"id":18972,"href":"https:\/\/www.faredecorazione.it\/index.php?rest_route=\/wp\/v2\/posts\/252\/revisions\/18972"}],"wp:featuredmedia":[{"embeddable":true,"href":"https:\/\/www.faredecorazione.it\/index.php?rest_route=\/wp\/v2\/media\/9183"}],"wp:attachment":[{"href":"https:\/\/www.faredecorazione.it\/index.php?rest_route=%2Fwp%2Fv2%2Fmedia&parent=252"}],"wp:term":[{"taxonomy":"category","embeddable":true,"href":"https:\/\/www.faredecorazione.it\/index.php?rest_route=%2Fwp%2Fv2%2Fcategories&post=252"},{"taxonomy":"post_tag","embeddable":true,"href":"https:\/\/www.faredecorazione.it\/index.php?rest_route=%2Fwp%2Fv2%2Ftags&post=252"}],"curies":[{"name":"wp","href":"https:\/\/api.w.org\/{rel}","templated":true}]}}