{"id":202,"date":"2012-05-14T20:35:23","date_gmt":"2012-05-14T20:35:23","guid":{"rendered":"http:\/\/www.faredecorazione.it\/?p=202"},"modified":"2021-10-11T13:27:03","modified_gmt":"2021-10-11T13:27:03","slug":"202","status":"publish","type":"post","link":"https:\/\/www.faredecorazione.it\/?p=202","title":{"rendered":"Da zero, davvero"},"content":{"rendered":"<div class=\"pdfprnt-buttons pdfprnt-buttons-post pdfprnt-top-right\"><a href=\"https:\/\/www.faredecorazione.it\/index.php?rest_route=wpv2posts202&print=pdf\" class=\"pdfprnt-button pdfprnt-button-pdf\" target=\"_blank\"><img decoding=\"async\" src=\"http:\/\/www.faredecorazione.it\/wp-content\/plugins\/pdf-print\/images\/pdf.png\" alt=\"image_pdf\" title=\"Visualizza PDF\" \/><span class=\"pdfprnt-button-title pdfprnt-button-pdf-title\">Scarica PDF - Download PDF<\/span><\/a><\/div><p style=\"text-align: justify;\">Questo \u00e8 il numero zero di una serie di quaderni in cui alcuni docenti e studenti dell&#8217;Accademia di Belle Arti di Bologna intendono fare periodicamente confluire idee, opinioni, segnalazioni, ricerche. <em>Fare Decorazione<\/em>, appunto. A sua volta, <em>Areadecorazione<\/em>\u00a0 indica il raggio di competenze in cui si vuole operare, e pu\u00f2 quindi essere inteso anche come un nome collettivo, una casa comune nella quale sviluppare l&#8217;esperienza artistica e didattica futura.<\/p>\n<p>Dunque, la decorazione. Quella decorazione che, oggi come ieri, \u00e8 oggetto di insegnamento accademico, ma la cui identit\u00e0 tecnica, formale e stilistica sembrerebbe ormai non interessare pi\u00f9 gli addetti ai lavori, o addirittura esser data per dispersa. Con la conseguenza che, almeno stando alla vulgata corrente, parole come <em>decorazione<\/em>\u00a0 e <em>ornamento<\/em>\u00a0 dovrebbero oggi come oggi considerarsi obsolete, e che se proprio si volesse rendere loro un servizio, tanto varrebbe sostituirle con altre pi\u00f9 consone ai tempi, come <em>Industrial Design<\/em>, <em>Urban Design<\/em>, <em>Street Art<\/em>.<\/p>\n<p>Ora, gli equivoci sono sempre dietro l&#8217;angolo e, in certa misura, fanno parte della condizione umana. Ma l&#8217;equivoco coltivato ad arte, adattando i fatti alle interpretazioni e non viceversa, uccide non solo il contraddittorio, lo scambio di idee, ma le idee stesse. I quaderni di <em>Fare Decorazione\u00a0<\/em> si propongono di reintrodurre il contraddittorio, lo scambio di idee, le idee stesse, in un ambito in cui tutto ci\u00f2 latita da tempo. Da troppo tempo. Perch\u00e9 i fatti e le interpretazioni abbiano, ciascuno e uno per uno, la vita che meritano.<\/p>\n<pre style=\"text-align: justify;\"><em>In alto: Mosaico pavimentale romano (particolare), III sec a.C., El Djem, Museo archeologico.<\/em><\/pre>\n","protected":false},"excerpt":{"rendered":"<p>Alcuni intenti<\/p>\n<div class=\"more-link-wrapper\"><a class=\"more-link\" href=\"https:\/\/www.faredecorazione.it\/?p=202\">Continua a leggere<span class=\"screen-reader-text\">Da zero, davvero<\/span><\/a><\/div>\n","protected":false},"author":2,"featured_media":9197,"comment_status":"open","ping_status":"open","sticky":false,"template":"","format":"standard","meta":{"_s2mail":"yes","footnotes":"","iawp_total_views":10},"categories":[4],"tags":[10,11],"_links":{"self":[{"href":"https:\/\/www.faredecorazione.it\/index.php?rest_route=\/wp\/v2\/posts\/202"}],"collection":[{"href":"https:\/\/www.faredecorazione.it\/index.php?rest_route=\/wp\/v2\/posts"}],"about":[{"href":"https:\/\/www.faredecorazione.it\/index.php?rest_route=\/wp\/v2\/types\/post"}],"author":[{"embeddable":true,"href":"https:\/\/www.faredecorazione.it\/index.php?rest_route=\/wp\/v2\/users\/2"}],"replies":[{"embeddable":true,"href":"https:\/\/www.faredecorazione.it\/index.php?rest_route=%2Fwp%2Fv2%2Fcomments&post=202"}],"version-history":[{"count":42,"href":"https:\/\/www.faredecorazione.it\/index.php?rest_route=\/wp\/v2\/posts\/202\/revisions"}],"predecessor-version":[{"id":14948,"href":"https:\/\/www.faredecorazione.it\/index.php?rest_route=\/wp\/v2\/posts\/202\/revisions\/14948"}],"wp:featuredmedia":[{"embeddable":true,"href":"https:\/\/www.faredecorazione.it\/index.php?rest_route=\/wp\/v2\/media\/9197"}],"wp:attachment":[{"href":"https:\/\/www.faredecorazione.it\/index.php?rest_route=%2Fwp%2Fv2%2Fmedia&parent=202"}],"wp:term":[{"taxonomy":"category","embeddable":true,"href":"https:\/\/www.faredecorazione.it\/index.php?rest_route=%2Fwp%2Fv2%2Fcategories&post=202"},{"taxonomy":"post_tag","embeddable":true,"href":"https:\/\/www.faredecorazione.it\/index.php?rest_route=%2Fwp%2Fv2%2Ftags&post=202"}],"curies":[{"name":"wp","href":"https:\/\/api.w.org\/{rel}","templated":true}]}}