{"id":1882,"date":"2013-03-04T23:01:06","date_gmt":"2013-03-04T23:01:06","guid":{"rendered":"http:\/\/www.faredecorazione.it\/?p=1882"},"modified":"2023-05-06T13:15:49","modified_gmt":"2023-05-06T13:15:49","slug":"spezia-patricia-urquiola","status":"publish","type":"post","link":"https:\/\/www.faredecorazione.it\/?p=1882","title":{"rendered":"Patricia Urquiola, il design dall&#8217;approccio artigianale"},"content":{"rendered":"<div class=\"pdfprnt-buttons pdfprnt-buttons-post pdfprnt-top-right\"><a href=\"https:\/\/www.faredecorazione.it\/index.php?rest_route=wpv2posts1882&print=pdf\" class=\"pdfprnt-button pdfprnt-button-pdf\" target=\"_blank\"><img decoding=\"async\" src=\"http:\/\/www.faredecorazione.it\/wp-content\/plugins\/pdf-print\/images\/pdf.png\" alt=\"image_pdf\" title=\"Visualizza PDF\" \/><span class=\"pdfprnt-button-title pdfprnt-button-pdf-title\">Scarica PDF - Download PDF<\/span><\/a><\/div><p style=\"text-align: left;\">Spagnola di nascita ma milanese d&#8217;adozione, Patricia Urquiola (Oviedo, 1961) \u00e8 designer a 360 gradi, che passa dalla realizzazione di mobili alla progettazione d&#8217;interni agli allestimenti fieristici. Pur nella variet\u00e0 dimensionale e tipologica, il processo creativo \u00e8 uno solo. Esso si caratterizza per un&#8217;indagine sensoriale, che manipola i materiali e si lascia guidare dall&#8217;intuito e da una memoria emotiva ancorata al vasto mondo tessile fatto di impunture, intrecci e merletti. Osservando alcuni dei lavori di Patricia, come le ceramiche <em>Dechirer<\/em>, ci si sente proiettati in un mondo domestico e affettivo i cui frammenti compongono una bacheca dei ricordi, ove il microrilievo aggiunge alla componente visiva anche quella tattile. La vitalit\u00e0 dei colori, la ricchezza delle forme e dei linguaggi sono un antidoto all&#8217;imperante minimalismo. La sedia <em>Flo Chair<\/em> rivestita in midollino con motivo a losanghe, ad esempio, non solo recupera un valore artigianale come la lavorazione a intreccio, ma anche un valore decorativo di ispirazione etnica.<\/p>\n<figure id=\"attachment_1913\" aria-describedby=\"caption-attachment-1913\" style=\"width: 1511px\" class=\"wp-caption alignnone\"><a href=\"http:\/\/www.faredecorazione.it\/wp-content\/uploads\/2013\/03\/azulej_taglaito-2012.jpg\"><img loading=\"lazy\" decoding=\"async\" class=\"wp-image-1913\" title=\"azulej_taglaito 2012\" src=\"http:\/\/www.faredecorazione.it\/wp-content\/uploads\/2013\/03\/azulej_taglaito-2012.jpg\" alt=\"\" width=\"1511\" height=\"455\" srcset=\"https:\/\/www.faredecorazione.it\/wp-content\/uploads\/2013\/03\/azulej_taglaito-2012.jpg 788w, https:\/\/www.faredecorazione.it\/wp-content\/uploads\/2013\/03\/azulej_taglaito-2012-300x90.jpg 300w, https:\/\/www.faredecorazione.it\/wp-content\/uploads\/2013\/03\/azulej_taglaito-2012-305x91.jpg 305w\" sizes=\"(max-width: 1511px) 100vw, 1511px\" \/><\/a><figcaption id=\"caption-attachment-1913\" class=\"wp-caption-text\"><em>Patricia Urquiola, Ceramiche Azulej, prod. Mutina 2012.<\/em><\/figcaption><\/figure>\n<p style=\"text-align: left;\">Alla domanda che spesso le viene rivolta, ossia se esista un design al maschile e uno al femminile, Patricia risponde: \u00ab&#8230;esistono diverse sensibilit\u00e0, distribuite tra uomini e donne in modo molto pi\u00f9 complicato rispetto al genere. Il fatto di essere una donna ha dei vantaggi per quanto riguarda il saper gestire pi\u00f9 cose nel medesimo momento; e questa \u00e8 una dote indispensabile nel design&#8230;\u00bb. La serialit\u00e0 \u00e8 uno degli elementi fondamentali del design, e il materiale che pi\u00f9 la caratterizza \u00e8 la plastica. E&#8217; proprio analizzando l&#8217;approccio che Patricia ha coi materiali plastici che si comprende appieno la sua metodologia progettuale. Il policarbonato \u00e8 un materiale che si riga con molta facilit\u00e0, e sono molti i designer che durante la fase progettuale antepongono il proprio ego creativo, spesso incentrato sullo studio di una determinata sagoma, ad una precisa e documentata conoscenza del materiale.<\/p>\n<figure id=\"attachment_1926\" aria-describedby=\"caption-attachment-1926\" style=\"width: 1639px\" class=\"wp-caption alignnone\"><a href=\"http:\/\/www.faredecorazione.it\/wp-content\/uploads\/2013\/03\/urquiola_05_moroso.jpg\"><img loading=\"lazy\" decoding=\"async\" class=\"wp-image-1926\" title=\"urquiola_05_moroso\" src=\"http:\/\/www.faredecorazione.it\/wp-content\/uploads\/2013\/03\/urquiola_05_moroso.jpg\" alt=\"\" width=\"1639\" height=\"410\" srcset=\"https:\/\/www.faredecorazione.it\/wp-content\/uploads\/2013\/03\/urquiola_05_moroso.jpg 1600w, https:\/\/www.faredecorazione.it\/wp-content\/uploads\/2013\/03\/urquiola_05_moroso-300x75.jpg 300w, https:\/\/www.faredecorazione.it\/wp-content\/uploads\/2013\/03\/urquiola_05_moroso-1024x256.jpg 1024w, https:\/\/www.faredecorazione.it\/wp-content\/uploads\/2013\/03\/urquiola_05_moroso-305x76.jpg 305w\" sizes=\"(max-width: 1639px) 100vw, 1639px\" \/><\/a><figcaption id=\"caption-attachment-1926\" class=\"wp-caption-text\"><em>Patricia Urquiola, Tappeto Sardinian Rug, prod. Moroso 2006.<\/em><\/figcaption><\/figure>\n<p style=\"text-align: left;\"><em>Frilly<\/em>, una delle sedie firmate da Patricia, supera al meglio la prova del tempo e in primo luogo proprio perch\u00e9 la superficie risulta mossa attraverso un&#8217;operazione di plissettatura che attutisce di molto l&#8217;effetto dei graffi. Pi\u00f9 che delle infinite possibilit\u00e0 che offre il materiale plastico, il design artigianale di Patricia si occupa dei suoi limiti strutturali, e riesce cos\u00ec ad offrire un prodotto qualitativamente ed esteticamente ricco.<\/p>\n<pre style=\"text-align: left;\"><em>In alto: Patricia Urquiola, Tavoli e sedie Flo, prod. Driade 2004. Sotto: sedia Frilly, Kartell 2008.<\/em><\/pre>\n<p style=\"text-align: left;\"><a href=\"http:\/\/www.faredecorazione.it\/wp-content\/uploads\/2013\/03\/b-pop-up-kartell-frilly-2008.jpg\"><img loading=\"lazy\" decoding=\"async\" class=\"alignleft wp-image-1885\" title=\"b-pop-up-kartell-frilly 2008\" src=\"http:\/\/www.faredecorazione.it\/wp-content\/uploads\/2013\/03\/b-pop-up-kartell-frilly-2008.jpg\" alt=\"\" width=\"1537\" height=\"1537\" srcset=\"https:\/\/www.faredecorazione.it\/wp-content\/uploads\/2013\/03\/b-pop-up-kartell-frilly-2008.jpg 600w, https:\/\/www.faredecorazione.it\/wp-content\/uploads\/2013\/03\/b-pop-up-kartell-frilly-2008-150x150.jpg 150w, https:\/\/www.faredecorazione.it\/wp-content\/uploads\/2013\/03\/b-pop-up-kartell-frilly-2008-300x300.jpg 300w, https:\/\/www.faredecorazione.it\/wp-content\/uploads\/2013\/03\/b-pop-up-kartell-frilly-2008-305x305.jpg 305w\" sizes=\"(max-width: 1537px) 100vw, 1537px\" \/><\/a><\/p>\n","protected":false},"excerpt":{"rendered":"<p>Decorazione come reincarnazione degli oggetti \u2022 di Francesca Spezia<\/p>\n<div class=\"more-link-wrapper\"><a class=\"more-link\" href=\"https:\/\/www.faredecorazione.it\/?p=1882\">Continua a leggere<span class=\"screen-reader-text\">Patricia Urquiola, il design dall&#8217;approccio artigianale<\/span><\/a><\/div>\n","protected":false},"author":2,"featured_media":9038,"comment_status":"open","ping_status":"open","sticky":false,"template":"","format":"standard","meta":{"_s2mail":"yes","footnotes":"","iawp_total_views":62},"categories":[554,477],"tags":[189,255,256],"_links":{"self":[{"href":"https:\/\/www.faredecorazione.it\/index.php?rest_route=\/wp\/v2\/posts\/1882"}],"collection":[{"href":"https:\/\/www.faredecorazione.it\/index.php?rest_route=\/wp\/v2\/posts"}],"about":[{"href":"https:\/\/www.faredecorazione.it\/index.php?rest_route=\/wp\/v2\/types\/post"}],"author":[{"embeddable":true,"href":"https:\/\/www.faredecorazione.it\/index.php?rest_route=\/wp\/v2\/users\/2"}],"replies":[{"embeddable":true,"href":"https:\/\/www.faredecorazione.it\/index.php?rest_route=%2Fwp%2Fv2%2Fcomments&post=1882"}],"version-history":[{"count":81,"href":"https:\/\/www.faredecorazione.it\/index.php?rest_route=\/wp\/v2\/posts\/1882\/revisions"}],"predecessor-version":[{"id":19000,"href":"https:\/\/www.faredecorazione.it\/index.php?rest_route=\/wp\/v2\/posts\/1882\/revisions\/19000"}],"wp:featuredmedia":[{"embeddable":true,"href":"https:\/\/www.faredecorazione.it\/index.php?rest_route=\/wp\/v2\/media\/9038"}],"wp:attachment":[{"href":"https:\/\/www.faredecorazione.it\/index.php?rest_route=%2Fwp%2Fv2%2Fmedia&parent=1882"}],"wp:term":[{"taxonomy":"category","embeddable":true,"href":"https:\/\/www.faredecorazione.it\/index.php?rest_route=%2Fwp%2Fv2%2Fcategories&post=1882"},{"taxonomy":"post_tag","embeddable":true,"href":"https:\/\/www.faredecorazione.it\/index.php?rest_route=%2Fwp%2Fv2%2Ftags&post=1882"}],"curies":[{"name":"wp","href":"https:\/\/api.w.org\/{rel}","templated":true}]}}