{"id":1779,"date":"2013-01-02T02:29:24","date_gmt":"2013-01-02T02:29:24","guid":{"rendered":"http:\/\/www.faredecorazione.it\/?p=1779"},"modified":"2023-05-06T13:15:11","modified_gmt":"2023-05-06T13:15:11","slug":"lazzarato-alla-resa-dei-conti","status":"publish","type":"post","link":"https:\/\/www.faredecorazione.it\/?p=1779","title":{"rendered":"Alla resa dei conti"},"content":{"rendered":"<div class=\"pdfprnt-buttons pdfprnt-buttons-post pdfprnt-top-right\"><a href=\"https:\/\/www.faredecorazione.it\/index.php?rest_route=wpv2posts1779&print=pdf\" class=\"pdfprnt-button pdfprnt-button-pdf\" target=\"_blank\"><img decoding=\"async\" src=\"http:\/\/www.faredecorazione.it\/wp-content\/plugins\/pdf-print\/images\/pdf.png\" alt=\"image_pdf\" title=\"Visualizza PDF\" \/><span class=\"pdfprnt-button-title pdfprnt-button-pdf-title\">Scarica PDF - Download PDF<\/span><\/a><\/div><p style=\"text-align: left;\">Secondo la retorica latina, da cui il termine \u00e8 desunto, si indicano con <em>ornatus<\/em> le figure retoriche necessarie ad abbellire e a sostenere (nel senso di difendere) un\u2019orazione altrimenti sciatta e poco convincente, quindi inefficace. Pensare che le altre arti siano prive di ornamento \u00e8 un errore marchiano. Anche in musica &#8211; per restare all&#8217;esempio beethoveniano caro a Loos &#8211; i contrappunti, gli arrangiamenti e molti altri artifici sonori hanno il compito di rendere coinvolgente, cio\u00e8 ornare, un tema altrimenti banale. Quando parla di ornamento Loos non sa quello che dice, e non va oltre il superficiale luogo comune dei motivi floreali \u201capplicati\u201d a qualche mobile secessionista.<\/p>\n<p style=\"text-align: left;\">Le conclusioni che egli trae sarebbero solo ridicole se altri non le avessero riprese e utilizzate per legittimare azioni aberranti, testimoniate dagli eventi storici immediatamente successivi. Se nell\u2019uomo moderno l\u2019\u00abindividualit\u00e0 ha una forza talmente enorme che essa non pu\u00f2 pi\u00f9 essere espressa dagli abiti che egli indossa\u00bb, ma<em>,<\/em> a quanto pare, neanche dalle sue abitazioni, perch\u00e9 \u00abl\u2019assenza di ornamento \u00e8 una prova di forza spirituale\u00bb, verso quali cose concentrer\u00e0 il proprio spirito inventivo un superuomo cos\u00ec enormemente individualista e spiritualmente forte? Verso i campi di sterminio? Verso l\u2019invenzione di ordigni nucleari? Verso il genocidio scientifico di interi popoli ritenuti in ritardo, quindi sub-umani, perch\u00e9 di colore o cultura diversa dall\u2019aureo modello del WASP (White Anglo-Saxon Protestant) o del proletario?<\/p>\n<p style=\"text-align: left;\">Nostro fine era l\u2019analisi delle tesi di Loos. Le conclusioni, a questo punto, ognuno pu\u00f2 trarle da s\u00e9.<\/p>\n<pre style=\"text-align: left;\"><em>In alto: Angelo Biancini per Ceramiche Laveno, Maschera, 1935, h cm 21. Sotto: Angelo Biancini per Ceramiche Laveno, Vaso con decorazione figurata, 1937 circa, h. cm 43.<\/em><\/pre>\n<p><a href=\"http:\/\/www.faredecorazione.it\/wp-content\/uploads\/2013\/01\/225.jpg\"><img loading=\"lazy\" decoding=\"async\" class=\"alignleft\" title=\"225\" src=\"http:\/\/www.faredecorazione.it\/wp-content\/uploads\/2013\/01\/225.jpg\" alt=\"\" width=\"1431\" height=\"1420\"><\/a><\/p>\n","protected":false},"excerpt":{"rendered":"<p>Loos, l&#8217;ornamento e la metropoli \u2022 di Marco Lazzarato<\/p>\n<div class=\"more-link-wrapper\"><a class=\"more-link\" href=\"https:\/\/www.faredecorazione.it\/?p=1779\">Continua a leggere<span class=\"screen-reader-text\">Alla resa dei conti<\/span><\/a><\/div>\n","protected":false},"author":2,"featured_media":4432,"comment_status":"open","ping_status":"open","sticky":false,"template":"","format":"standard","meta":{"_s2mail":"yes","footnotes":"","iawp_total_views":13},"categories":[554,478],"tags":[10,26,11,27],"_links":{"self":[{"href":"https:\/\/www.faredecorazione.it\/index.php?rest_route=\/wp\/v2\/posts\/1779"}],"collection":[{"href":"https:\/\/www.faredecorazione.it\/index.php?rest_route=\/wp\/v2\/posts"}],"about":[{"href":"https:\/\/www.faredecorazione.it\/index.php?rest_route=\/wp\/v2\/types\/post"}],"author":[{"embeddable":true,"href":"https:\/\/www.faredecorazione.it\/index.php?rest_route=\/wp\/v2\/users\/2"}],"replies":[{"embeddable":true,"href":"https:\/\/www.faredecorazione.it\/index.php?rest_route=%2Fwp%2Fv2%2Fcomments&post=1779"}],"version-history":[{"count":37,"href":"https:\/\/www.faredecorazione.it\/index.php?rest_route=\/wp\/v2\/posts\/1779\/revisions"}],"predecessor-version":[{"id":18999,"href":"https:\/\/www.faredecorazione.it\/index.php?rest_route=\/wp\/v2\/posts\/1779\/revisions\/18999"}],"wp:featuredmedia":[{"embeddable":true,"href":"https:\/\/www.faredecorazione.it\/index.php?rest_route=\/wp\/v2\/media\/4432"}],"wp:attachment":[{"href":"https:\/\/www.faredecorazione.it\/index.php?rest_route=%2Fwp%2Fv2%2Fmedia&parent=1779"}],"wp:term":[{"taxonomy":"category","embeddable":true,"href":"https:\/\/www.faredecorazione.it\/index.php?rest_route=%2Fwp%2Fv2%2Fcategories&post=1779"},{"taxonomy":"post_tag","embeddable":true,"href":"https:\/\/www.faredecorazione.it\/index.php?rest_route=%2Fwp%2Fv2%2Ftags&post=1779"}],"curies":[{"name":"wp","href":"https:\/\/api.w.org\/{rel}","templated":true}]}}