{"id":1628,"date":"2013-01-01T22:05:24","date_gmt":"2013-01-01T22:05:24","guid":{"rendered":"http:\/\/www.faredecorazione.it\/?p=1628"},"modified":"2023-05-06T13:12:22","modified_gmt":"2023-05-06T13:12:22","slug":"esercizi-davoli-la-colonna-a-fungo","status":"publish","type":"post","link":"https:\/\/www.faredecorazione.it\/?p=1628","title":{"rendered":"La colonna a fungo"},"content":{"rendered":"<div class=\"pdfprnt-buttons pdfprnt-buttons-post pdfprnt-top-right\"><a href=\"https:\/\/www.faredecorazione.it\/index.php?rest_route=wpv2posts1628&print=pdf\" class=\"pdfprnt-button pdfprnt-button-pdf\" target=\"_blank\"><img decoding=\"async\" src=\"http:\/\/www.faredecorazione.it\/wp-content\/plugins\/pdf-print\/images\/pdf.png\" alt=\"image_pdf\" title=\"Visualizza PDF\" \/><span class=\"pdfprnt-button-title pdfprnt-button-pdf-title\">Scarica PDF - Download PDF<\/span><\/a><\/div><p style=\"text-align: left;\">La storia dell&#8217;architettura \u00e8 attraversata da topiche e archetipi costruttivi che ne scandiscono lo sviluppo e ne rendono riconoscibili i vari contesti storici e culturali. In particolare la tradizione occidentale classica e rinascimentale ha saputo esprimere, tramite la teoria degli ordini architettonici e dei relativi ornamenti, un universo di topiche e archetipi ricorrenti e concatenati: dalle colonne ai capitelli, dalle modanature ai fregi, dalla forma-tempio alla forma-basilica. Ma anche le tradizioni non occidentali e, in misura molto minore, quella moderna e contemporanea, hanno elaborato topiche e archetipi capaci di sfidare il tempo, sebbene non sempre abbiano sentito il bisogno di darne una formalizzazione esplicita.<\/p>\n<p style=\"text-align: left;\">Agli antipodi rispetto a quanto prospettato fin qui &#8211; e cio\u00e8 il primato del repertorio, del sentire comune, in una parola della <em>cultura<\/em> &#8211; vi \u00e8 un atteggiamento velleitario e di maniera, tipicamente postmoderno, per il quale ci si dovrebbe limitare a parlare, anche per l&#8217;architettura, di una non meglio specificata \u201ccreativit\u00e0\u201d ed \u201coriginalit\u00e0\u201d individuale. Secondo questa vulgata, tra progettista e collettivit\u00e0 vi \u00e8 un fitto interscambio di suggestioni tra l&#8217;antropologico, lo psicologico e il sociologico: i pretesti e i sottotesti cui attingeranno poi gli studiosi per le loro riflessioni critiche. Si iscrive in questa concezione autocelebrativa la fama di molte <em>archistar<\/em> la cui \u201ccreativit\u00e0\u201d si esprime in trovatine vistose quanto ripetitive, di una povert\u00e0 sconcertante, che hanno l&#8217;unico pregio di essere facilmente riconoscibili per qualunque fascia di pubblico, dal bambino in et\u00e0 prescolare all&#8217;ultraottuagenario.<\/p>\n<figure id=\"attachment_15569\" aria-describedby=\"caption-attachment-15569\" style=\"width: 1406px\" class=\"wp-caption alignnone\"><a href=\"http:\/\/www.faredecorazione.it\/wp-content\/uploads\/2013\/01\/IMG20120926110044849.jpeg\"><img loading=\"lazy\" decoding=\"async\" class=\"wp-image-15569\" src=\"http:\/\/www.faredecorazione.it\/wp-content\/uploads\/2013\/01\/IMG20120926110044849-1024x748.jpeg\" alt=\"\" width=\"1406\" height=\"1027\" srcset=\"https:\/\/www.faredecorazione.it\/wp-content\/uploads\/2013\/01\/IMG20120926110044849-1024x748.jpeg 1024w, https:\/\/www.faredecorazione.it\/wp-content\/uploads\/2013\/01\/IMG20120926110044849-300x219.jpeg 300w, https:\/\/www.faredecorazione.it\/wp-content\/uploads\/2013\/01\/IMG20120926110044849-768x561.jpeg 768w, https:\/\/www.faredecorazione.it\/wp-content\/uploads\/2013\/01\/IMG20120926110044849.jpeg 1459w\" sizes=\"(max-width: 1406px) 100vw, 1406px\" \/><\/a><figcaption id=\"caption-attachment-15569\" class=\"wp-caption-text\"><em>Italo Rota &amp; Partners, Bozzetto per il nuovo ingresso dei Civici Musei di Reggio Emilia.<\/em><\/figcaption><\/figure>\n<p style=\"text-align: left;\">Ne sono un esempio i cosiddetti \u201cfunghi\u201d in acciaio specchiante proposti dall&#8217;architetto Italo Rota per il nuovo ingresso di Musei Civici di Reggio Emilia. Se a Reggio tutto \u00e8 ancora sulla carta, in compenso Rota ha gi\u00e0 collocato identici funghi d&#8217;acciaio nella navata dell&#8217;ex-Oratorio di Sant&#8217;Elena e Costantino a Palermo riconvertito in biblioteca (2007). Cosicch\u00e9 quella prospettata per i Musei di Reggio ha tutta l&#8217;aria di essere un&#8217;autocitazione a dir poco zelante e superflua. Come altre illustri firme con le proprie elaborazioni, anche Rota non esita a presentare la colonna a forma di fungo come una <em>griffe<\/em> personale, sintesi emblematica della propria concezione di una realt\u00e0 storicamente connotata qual \u00e8 il museo. Ma un rapido <em>excursus<\/em> ci dice che le cose non stanno affatto cos\u00ec.<\/p>\n<figure id=\"attachment_15564\" aria-describedby=\"caption-attachment-15564\" style=\"width: 1523px\" class=\"wp-caption alignnone\"><a href=\"http:\/\/www.faredecorazione.it\/wp-content\/uploads\/2013\/01\/fungo-walser.jpg\"><img loading=\"lazy\" decoding=\"async\" class=\"wp-image-15564\" src=\"http:\/\/www.faredecorazione.it\/wp-content\/uploads\/2013\/01\/fungo-walser.jpg\" alt=\"\" width=\"1523\" height=\"1144\" srcset=\"https:\/\/www.faredecorazione.it\/wp-content\/uploads\/2013\/01\/fungo-walser.jpg 546w, https:\/\/www.faredecorazione.it\/wp-content\/uploads\/2013\/01\/fungo-walser-300x225.jpg 300w\" sizes=\"(max-width: 1523px) 100vw, 1523px\" \/><\/a><figcaption id=\"caption-attachment-15564\" class=\"wp-caption-text\"><em>Particolare di casa tradizionale della comunit\u00e0 Walser, Val d&#8217;Aosta.<\/em><\/figcaption><\/figure>\n<p style=\"text-align: left;\">Colonne a forma di fungo si possono gi\u00e0 trovare in molte tradizioni popolari, laddove i materiali reperibili in natura ne rendono pressoch\u00e9 spontanea e invariante la tecnica costruttiva. In Val d&#8217;Aosta, ad esempio, la Comunit\u00e0 Montana Walser (comuni di Issime, Gaby, Gressoney-Saint-Jean e Gressoney-La-Trinit\u00e9) si caratterizza per le case tradizionali la cui parte superiore si innalza a mo&#8217; di palafitta su colonne a fungo, dove il fusto \u00e8 di legno e il capitello \u00e8 una pietra di forma schiacciata e tondeggiante.<\/p>\n<figure id=\"attachment_15565\" aria-describedby=\"caption-attachment-15565\" style=\"width: 1474px\" class=\"wp-caption alignnone\"><a href=\"http:\/\/www.faredecorazione.it\/wp-content\/uploads\/2013\/01\/Eidg._Getreidelager_Altdorf_06_11.jpg\"><img loading=\"lazy\" decoding=\"async\" class=\"wp-image-15565\" src=\"http:\/\/www.faredecorazione.it\/wp-content\/uploads\/2013\/01\/Eidg._Getreidelager_Altdorf_06_11.jpg\" alt=\"\" width=\"1474\" height=\"982\" srcset=\"https:\/\/www.faredecorazione.it\/wp-content\/uploads\/2013\/01\/Eidg._Getreidelager_Altdorf_06_11.jpg 800w, https:\/\/www.faredecorazione.it\/wp-content\/uploads\/2013\/01\/Eidg._Getreidelager_Altdorf_06_11-300x200.jpg 300w, https:\/\/www.faredecorazione.it\/wp-content\/uploads\/2013\/01\/Eidg._Getreidelager_Altdorf_06_11-768x512.jpg 768w\" sizes=\"(max-width: 1474px) 100vw, 1474px\" \/><\/a><figcaption id=\"caption-attachment-15565\" class=\"wp-caption-text\"><em>Robert Maillart, Deposito granario, 1912, Altdorf (foto \u00a9 Chriusha\/Wikimedia Commons).<\/em><\/figcaption><\/figure>\n<p style=\"text-align: left;\">L&#8217;utilizzo in et\u00e0 moderna della colonna a fungo si deve all&#8217;ingegnere svizzero Robert Maillart (1872-1940) che la perfeziona per sfruttare le propriet\u00e0 statiche e dinamiche del cemento armato e rinforzato, nell&#8217;epoca della sua piena affermazione come materiale principe nell&#8217;architettura civile ed industriale. Le colonne a fungo elaborate da Maillart a partire dai primi del &#8216;900 sono un vero e proprio archetipo nel loro genere, e il solaio a fungo a nervature ortogonali da lui brevettato nel 1908 conoscer\u00e0 innumerevoli applicazioni e varianti.<\/p>\n<figure id=\"attachment_15566\" aria-describedby=\"caption-attachment-15566\" style=\"width: 1532px\" class=\"wp-caption alignnone\"><a href=\"http:\/\/www.faredecorazione.it\/wp-content\/uploads\/2013\/01\/1280px-Barcelona_-_Park_G\u00fcell_2.jpg\"><img loading=\"lazy\" decoding=\"async\" class=\"wp-image-15566\" src=\"http:\/\/www.faredecorazione.it\/wp-content\/uploads\/2013\/01\/1280px-Barcelona_-_Park_G\u00fcell_2-1024x682.jpg\" alt=\"\" width=\"1532\" height=\"1020\" srcset=\"https:\/\/www.faredecorazione.it\/wp-content\/uploads\/2013\/01\/1280px-Barcelona_-_Park_G\u00fcell_2-1024x682.jpg 1024w, https:\/\/www.faredecorazione.it\/wp-content\/uploads\/2013\/01\/1280px-Barcelona_-_Park_G\u00fcell_2-300x200.jpg 300w, https:\/\/www.faredecorazione.it\/wp-content\/uploads\/2013\/01\/1280px-Barcelona_-_Park_G\u00fcell_2-768x512.jpg 768w, https:\/\/www.faredecorazione.it\/wp-content\/uploads\/2013\/01\/1280px-Barcelona_-_Park_G\u00fcell_2.jpg 1280w\" sizes=\"(max-width: 1532px) 100vw, 1532px\" \/><\/a><figcaption id=\"caption-attachment-15566\" class=\"wp-caption-text\"><em>Antoni Gaud\u00ec, Parco G\u00fcell, 1900-14, Barcellona (foto \u00a9 Fred Romero\/Flickr.com).<\/em><\/figcaption><\/figure>\n<p style=\"text-align: left;\">Pressoch\u00e9 simultaneamente e sempre col ricorso al calcestruzzo, incrostato per\u00f2 con le concrezioni tipiche del suo estroso stile modernista, il pi\u00f9 anziano Antoni Gaud\u00ec, per non citare che un nome fra i pi\u00f9 illustri, usa la colonna a fungo ripetutamente, soprattutto negli spazi coperti del Parco G\u00fcell di Barcellona (1900-14).<\/p>\n<figure id=\"attachment_15576\" aria-describedby=\"caption-attachment-15576\" style=\"width: 1510px\" class=\"wp-caption alignnone\"><a href=\"http:\/\/www.faredecorazione.it\/wp-content\/uploads\/2013\/01\/106490086_3265705333450846_1064418070119976841_n.jpg\"><img loading=\"lazy\" decoding=\"async\" class=\"wp-image-15576\" src=\"http:\/\/www.faredecorazione.it\/wp-content\/uploads\/2013\/01\/106490086_3265705333450846_1064418070119976841_n-1024x731.jpg\" alt=\"\" width=\"1510\" height=\"1078\" srcset=\"https:\/\/www.faredecorazione.it\/wp-content\/uploads\/2013\/01\/106490086_3265705333450846_1064418070119976841_n-1024x731.jpg 1024w, https:\/\/www.faredecorazione.it\/wp-content\/uploads\/2013\/01\/106490086_3265705333450846_1064418070119976841_n-300x214.jpg 300w, https:\/\/www.faredecorazione.it\/wp-content\/uploads\/2013\/01\/106490086_3265705333450846_1064418070119976841_n-768x549.jpg 768w, https:\/\/www.faredecorazione.it\/wp-content\/uploads\/2013\/01\/106490086_3265705333450846_1064418070119976841_n.jpg 1400w\" sizes=\"(max-width: 1510px) 100vw, 1510px\" \/><\/a><figcaption id=\"caption-attachment-15576\" class=\"wp-caption-text\"><em>Alvar Aalto, Sede del quotidiano &#8220;Turun Sanomat&#8221;, locale della tipografia, 1927-29, Turku (foto&nbsp;\u00a9 Gustaf Welin\/Alvar Aalto Foundation) .<\/em><\/figcaption><\/figure>\n<p style=\"text-align: left;\">L&#8217;architettura europea ed americana del &#8216;900 ha fatto pi\u00f9 volte ricorso alla colonna a fungo, nella versione disadorna ma elegante messa a punto da Maillart. Hanno alle spalle il modello Maillart, ad esempio, le colonne a fungo costruite da Alvar Aalto per la sede del quotidiano &#8220;Turun Sanomat&#8221; a Turku, Finlandia, nel 1927-29. E anche in quelle con capitello radiale di Pier Luigi Nervi (con l&#8217;architetto Gio Ponti) per il Palazzo del Lavoro di Torino (1961), si riconosce, bench\u00e9 trasfigurata in forme quasi gotiche, la stessa matrice.<\/p>\n<figure id=\"attachment_15568\" aria-describedby=\"caption-attachment-15568\" style=\"width: 1451px\" class=\"wp-caption alignnone\"><a href=\"http:\/\/www.faredecorazione.it\/wp-content\/uploads\/2013\/01\/ATLAS-OF-PLACES-PONTI-NERVI-PALAZZO-DEL-LAVORO-IMG-14.jpg\"><img loading=\"lazy\" decoding=\"async\" class=\"wp-image-15568\" src=\"http:\/\/www.faredecorazione.it\/wp-content\/uploads\/2013\/01\/ATLAS-OF-PLACES-PONTI-NERVI-PALAZZO-DEL-LAVORO-IMG-14-1024x683.jpg\" alt=\"\" width=\"1451\" height=\"968\" srcset=\"https:\/\/www.faredecorazione.it\/wp-content\/uploads\/2013\/01\/ATLAS-OF-PLACES-PONTI-NERVI-PALAZZO-DEL-LAVORO-IMG-14-1024x683.jpg 1024w, https:\/\/www.faredecorazione.it\/wp-content\/uploads\/2013\/01\/ATLAS-OF-PLACES-PONTI-NERVI-PALAZZO-DEL-LAVORO-IMG-14-300x200.jpg 300w, https:\/\/www.faredecorazione.it\/wp-content\/uploads\/2013\/01\/ATLAS-OF-PLACES-PONTI-NERVI-PALAZZO-DEL-LAVORO-IMG-14-768x512.jpg 768w\" sizes=\"(max-width: 1451px) 100vw, 1451px\" \/><\/a><figcaption id=\"caption-attachment-15568\" class=\"wp-caption-text\"><em> Pier Luigi Nervi (con Gio Ponti), Palazzo del Lavoro, 1961, Torino.<\/em><\/figcaption><\/figure>\n<p style=\"text-align: left;\">Ma le colonne a fungo pi\u00f9 celebri del secolo XX sono quelle progettate da Frank Lloyd Wright per il <em>Johnson Wax Administration Building<\/em> di Racine, USA (1936-39). Anch&#8217;esse sono evidentemente figlie della visione ingegneristica di Maillart, e questo serve almeno in parte a smontare una certa immagine prometeica, tutta genio e individualismo, che viene tuttora fatta circolare di Wright.<\/p>\n<p>Dunque la colonna a fungo ha, per le sue caratteristiche tecniche, una funzione di sostegno ancora pi\u00f9 specifica rispetto a quelle dotate di un capitello normale. Ecco perch\u00e9 essa si associa cos\u00ec bene alla topica architettonica della sala ipostila, cos\u00ec come la conosciamo sin dall&#8217;antichit\u00e0: un ambiente chiuso dove il peso del solaio si distribuisce su file di colonne visivamente assimilabili ad alberi i cui rami formino una copertura compatta.<\/p>\n<p style=\"text-align: left;\">Gli oggetti in acciaio proposti da Rota per i Musei di Reggio sono una sorta di media statistica, resa ancora pi\u00f9 anodina dalla lucentezza del metallo, di tutti i precedenti visti sin qui, con una maggiore attenzione alla lezione di Wright non foss&#8217;altro che per la celebrit\u00e0 e il prestigio del modello. In pi\u00f9, con la messa in opera, si attua la trovatina tipicamente novecentesca della \u201cdecontestualizzazione\u201d. Ovvero, l&#8217;ormai irriconoscibile colonna a fungo viene trapiantata dall&#8217;ambito \u201ccolto\u201d della sala ipostila a quello \u201cpopular\u201d del luogo da riconvertire a nuovi usi, dalla vecchia funzione statica ad una nuova, inconsistente missione ludico-comunicativa.<\/p>\n<p style=\"text-align: left;\">In quale scenario i \u201cfunghi\u201d di Rota dovrebbero inserirsi? Nel centro storico di Reggio, davanti all&#8217;antico convento di San Francesco, sede dei Musei, e a pochi metri dai due storici teatri della citt\u00e0, il \u00abValli\u00bb e l&#8217;\u00abAriosto\u00bb. Ebbene, trasformare un \u201cluogo\u201d come questo in un \u201cnon-luogo\u201d non troppo diverso dalle <em>boutiques<\/em> e dai <em>resort<\/em> firmati dall&#8217;architetto Rota in Europa, USA e Medio Oriente, significa anzitutto popolarlo di figure fantasmatiche, prive di un retroterra pertinente e credibile. Non potete andare a Dubai o a Las Vegas? Niente paura, Dubai e Las Vegas verranno a voi.<\/p>\n<pre style=\"text-align: left;\"><em>In alto: Antoni Gaud\u00ec, Parco G\u00fcell (sala ipostila), 1900-14, Barcellona. Sotto: Frank Lloyd Wright, Johnson Wax Industries Building, 1937-39, Racine.<\/em><\/pre>\n<p style=\"text-align: left;\"><em><img loading=\"lazy\" decoding=\"async\" class=\"wp-image-15570\" src=\"http:\/\/www.faredecorazione.it\/wp-content\/uploads\/2013\/01\/ATLAS-OF-PLACES-FRANK-LLOYD-WRIGHT-JOHNSON-WAX-HEADQUARTERS-IMG-7-1024x695.jpg\" alt=\"\" width=\"1509\" height=\"1024\" srcset=\"https:\/\/www.faredecorazione.it\/wp-content\/uploads\/2013\/01\/ATLAS-OF-PLACES-FRANK-LLOYD-WRIGHT-JOHNSON-WAX-HEADQUARTERS-IMG-7-1024x695.jpg 1024w, https:\/\/www.faredecorazione.it\/wp-content\/uploads\/2013\/01\/ATLAS-OF-PLACES-FRANK-LLOYD-WRIGHT-JOHNSON-WAX-HEADQUARTERS-IMG-7-300x204.jpg 300w, https:\/\/www.faredecorazione.it\/wp-content\/uploads\/2013\/01\/ATLAS-OF-PLACES-FRANK-LLOYD-WRIGHT-JOHNSON-WAX-HEADQUARTERS-IMG-7-768x521.jpg 768w\" sizes=\"(max-width: 1509px) 100vw, 1509px\" \/> <\/em><\/p>\n","protected":false},"excerpt":{"rendered":"<p>Vicende di un archetipo architettonico \u2022 di Enrico Maria Davoli<\/p>\n<div class=\"more-link-wrapper\"><a class=\"more-link\" href=\"https:\/\/www.faredecorazione.it\/?p=1628\">Continua a leggere<span class=\"screen-reader-text\">La colonna a fungo<\/span><\/a><\/div>\n","protected":false},"author":2,"featured_media":15572,"comment_status":"open","ping_status":"open","sticky":false,"template":"","format":"standard","meta":{"_s2mail":"yes","footnotes":"","iawp_total_views":1012},"categories":[554,409],"tags":[39,38,36,43,41,40,45,42,37],"_links":{"self":[{"href":"https:\/\/www.faredecorazione.it\/index.php?rest_route=\/wp\/v2\/posts\/1628"}],"collection":[{"href":"https:\/\/www.faredecorazione.it\/index.php?rest_route=\/wp\/v2\/posts"}],"about":[{"href":"https:\/\/www.faredecorazione.it\/index.php?rest_route=\/wp\/v2\/types\/post"}],"author":[{"embeddable":true,"href":"https:\/\/www.faredecorazione.it\/index.php?rest_route=\/wp\/v2\/users\/2"}],"replies":[{"embeddable":true,"href":"https:\/\/www.faredecorazione.it\/index.php?rest_route=%2Fwp%2Fv2%2Fcomments&post=1628"}],"version-history":[{"count":107,"href":"https:\/\/www.faredecorazione.it\/index.php?rest_route=\/wp\/v2\/posts\/1628\/revisions"}],"predecessor-version":[{"id":18995,"href":"https:\/\/www.faredecorazione.it\/index.php?rest_route=\/wp\/v2\/posts\/1628\/revisions\/18995"}],"wp:featuredmedia":[{"embeddable":true,"href":"https:\/\/www.faredecorazione.it\/index.php?rest_route=\/wp\/v2\/media\/15572"}],"wp:attachment":[{"href":"https:\/\/www.faredecorazione.it\/index.php?rest_route=%2Fwp%2Fv2%2Fmedia&parent=1628"}],"wp:term":[{"taxonomy":"category","embeddable":true,"href":"https:\/\/www.faredecorazione.it\/index.php?rest_route=%2Fwp%2Fv2%2Fcategories&post=1628"},{"taxonomy":"post_tag","embeddable":true,"href":"https:\/\/www.faredecorazione.it\/index.php?rest_route=%2Fwp%2Fv2%2Ftags&post=1628"}],"curies":[{"name":"wp","href":"https:\/\/api.w.org\/{rel}","templated":true}]}}