{"id":104,"date":"2012-05-14T12:51:03","date_gmt":"2012-05-14T12:51:03","guid":{"rendered":"http:\/\/www.faredecorazione.it\/?p=104"},"modified":"2023-05-05T20:31:00","modified_gmt":"2023-05-05T20:31:00","slug":"enrico-maria-davoli-%c2%b7-italo-rota-a-reggio-emilia","status":"publish","type":"post","link":"https:\/\/www.faredecorazione.it\/?p=104","title":{"rendered":"Italo Rota a Reggio Emilia"},"content":{"rendered":"<div class=\"pdfprnt-buttons pdfprnt-buttons-post pdfprnt-top-right\"><a href=\"https:\/\/www.faredecorazione.it\/index.php?rest_route=wpv2posts104&print=pdf\" class=\"pdfprnt-button pdfprnt-button-pdf\" target=\"_blank\"><img decoding=\"async\" src=\"http:\/\/www.faredecorazione.it\/wp-content\/plugins\/pdf-print\/images\/pdf.png\" alt=\"image_pdf\" title=\"Visualizza PDF\" \/><span class=\"pdfprnt-button-title pdfprnt-button-pdf-title\">Scarica PDF - Download PDF<\/span><\/a><\/div><p style=\"text-align: left;\">Italo Rota (Milano 1953) \u00e8 una delle firme pi\u00f9 note dell\u2019architettura italiana d\u2019oggi. Suo (con Fabio Fornasari) \u00e8 il progetto del Museo del Novecento di Milano, inaugurato a fine 2010 negli spazi completamente sventrati di uno dei due palazzi gemelli dell\u2019Arengario, il complesso costruito fra il 1939 e il 1956 su progetto di Griffini, Magistretti, Muzio e Portaluppi. Se questo capolavoro dell&#8217;architettura italiana di met\u00e0 &#8216;900 fosse stato ultimato solo qualche anno prima, i cinquant\u2019anni necessari per legge a scongiurarne lo sventramento sarebbero scattati in tempo utile. Ma di solito chi sventra \u00e8 pi\u00f9 tempista di chi costruisce.<\/p>\n<p>Della terapia Rota potrebbero ora giovarsi i Civici Musei di Reggio Emilia. Il <em>battage<\/em> dell&#8217;Amministrazione Comunale \u00e8 discreto ma insistente: nessuna notizia certa e uno stillicidio di \u201csi dice\u201d. Dosi omeopatiche per far passare: a) l&#8217;idea che, cos\u00ec come sono, i Musei Civici sono fuori moda e necessitano di un restyling; b) l&#8217;altra idea, complementare alla prima, che per risolvere il problema ci vuole l&#8217;archistar, esattamente come per la casalinga disperata ci vuole un pomeriggio di shopping da Dolce &amp; Gabbana. Per ora abbiamo il bozzetto con cui Rota ridisegna l&#8217;ingresso dei Musei. Il periodico dell&#8217;Amministrazione Comunale lo pubblica cos\u00ec, senza commento alcuno. Come per dire al cittadino: \u201cQuesta \u00e8 l&#8217;architettura contemporanea, bellezza!\u201d<\/p>\n<p style=\"text-align: justify;\">Cosa si vede nel bozzetto? Il cortiletto a nord-ovest del Palazzo del Musei viene lastricato a somiglianza del tratto stradale antistante e piantumato di giganteschi funghi metallici (elementi ombreggianti di giorno e lampioni di notte?). Sotto ciascun fungo si vedono immagini di animali, piante eccetera. Le due pareti che fanno da sfondo vengono ricoperte di un manto vegetale, un rettangolo verde grande come un campo da tennis.<\/p>\n<p>Sineddoche \u00e8 la figura retorica che serve a indicare una cosa nominando una sua parte (esempio: <em>albero<\/em> al posto di<em> nave<\/em>), o la materia di cui \u00e8 fatta (<em>ferro<\/em> al posto di <em>spada<\/em>), o con altre sostituzioni (<em>il felino<\/em> al posto de <em>il gatto<\/em>). Ebbene, se si dovesse giudicare l\u2019operazione di Rota in termini di eloquio, di Retorica appunto, si dovrebbe dire che l\u2019architetto milanese ha forgiato una gigantesca sineddoche. Cio\u00e8 ha usato il nesso vegetazione-animali per sintetizzare la vasta gamma di forme viventi esposte negli scaffali del Museo.<\/p>\n<p>L\u2019architettura \u00e8 sempre stata il luogo della Retorica, delle tessiture, delle polifonie. Colonne, basamenti, cornici, mensole, marcapiani, balaustre, sono sempre serviti a produrre poemi figurati, spartiti musicali ricchi di variazioni. Non avendo evidentemente n\u00e9 tempo n\u00e9 voglia di pensare a qualcosa che somigliasse a un poema o anche solo a una canzonetta, Rota ha pensato bene di proporre un&#8217;ideuzza che equivale ad un cartello con su scritto <em>Vietato dar da mangiare agli animali. Vietato calpestare le aiuole<\/em>. Forse per questo il manto vegetale si arrampica sui muri: per estrinsecare il divieto. La sua manutenzione in verticale sarebbe molto pi\u00f9 costosa di quella del campo centrale di Wimbledon, e non lo si potrebbe calpestare nemmeno per le due canoniche settimane l\u2019anno.<\/p>\n<p>Siamo nel campo del copia-e-incolla, del<em>&nbsp;&#8216;O Famo strano?&nbsp;<\/em>alla Carlo Verdone spacciato per il colpo d\u2019ala di un artista spericolato. E\u2019 l\u2019architettura dei giochi di prestigio che si sostituisce all\u2019architettura del decoro, della durata, del giusto rapporto costi-benefici. E\u2019 l\u2019architettura delle riletture che riletture non sono, non foss\u2019altro perch\u00e9 denotano una condizione di analfabetismo, una totale incapacit\u00e0 di interrogarsi sul perch\u00e9 un edificio sia quello che \u00e8 \u2013 nella fattispecie un museo \u2013 anzich\u00e9 un ospedale o una centrale del latte o un autogrill.<\/p>\n<p>\u00c8&nbsp;un\u2019architettura che ha ormai cos\u00ec bene assimilato la nozione di \u201cnon-luogo\u201d da non avere pi\u00f9 alcun ritegno nel farsene scudo. E nel dire che, in fondo, il mondo intero \u00e8 un unico, grande \u201cnon-luogo\u201d. E che dove ancora non lo \u00e8, occorre dargli una mano a diventarlo.<\/p>\n<pre><em>In alto: Italo Rota &amp; Partners, bozzetto per uno degli ambienti&nbsp; dei Civici Musei di Reggio Emilia. Sotto: Italo Rota &amp; Partners, bozzetto per il nuovo ingresso dei Civici Musei di Reggio Emilia.<\/em><\/pre>\n<p><a href=\"http:\/\/www.faredecorazione.it\/wp-content\/uploads\/2013\/01\/IMG20120926110044849.jpeg\"><img loading=\"lazy\" decoding=\"async\" class=\"wp-image-15569 alignnone\" src=\"http:\/\/www.faredecorazione.it\/wp-content\/uploads\/2013\/01\/IMG20120926110044849-1024x748.jpeg\" alt=\"\" width=\"1478\" height=\"1079\" srcset=\"https:\/\/www.faredecorazione.it\/wp-content\/uploads\/2013\/01\/IMG20120926110044849-1024x748.jpeg 1024w, https:\/\/www.faredecorazione.it\/wp-content\/uploads\/2013\/01\/IMG20120926110044849-300x219.jpeg 300w, https:\/\/www.faredecorazione.it\/wp-content\/uploads\/2013\/01\/IMG20120926110044849-768x561.jpeg 768w, https:\/\/www.faredecorazione.it\/wp-content\/uploads\/2013\/01\/IMG20120926110044849.jpeg 1459w\" sizes=\"(max-width: 1478px) 100vw, 1478px\" \/><\/a><\/p>\n<p style=\"text-align: justify;\">\n","protected":false},"excerpt":{"rendered":"<p>Un progetto che non c&#8217;\u00e8 \u2022 di Enrico Maria Davoli<\/p>\n<div class=\"more-link-wrapper\"><a class=\"more-link\" href=\"https:\/\/www.faredecorazione.it\/?p=104\">Continua a leggere<span class=\"screen-reader-text\">Italo Rota a Reggio Emilia<\/span><\/a><\/div>\n","protected":false},"author":2,"featured_media":9218,"comment_status":"open","ping_status":"open","sticky":false,"template":"","format":"standard","meta":{"_s2mail":"yes","footnotes":"","iawp_total_views":47},"categories":[554,409],"tags":[44,126],"_links":{"self":[{"href":"https:\/\/www.faredecorazione.it\/index.php?rest_route=\/wp\/v2\/posts\/104"}],"collection":[{"href":"https:\/\/www.faredecorazione.it\/index.php?rest_route=\/wp\/v2\/posts"}],"about":[{"href":"https:\/\/www.faredecorazione.it\/index.php?rest_route=\/wp\/v2\/types\/post"}],"author":[{"embeddable":true,"href":"https:\/\/www.faredecorazione.it\/index.php?rest_route=\/wp\/v2\/users\/2"}],"replies":[{"embeddable":true,"href":"https:\/\/www.faredecorazione.it\/index.php?rest_route=%2Fwp%2Fv2%2Fcomments&post=104"}],"version-history":[{"count":59,"href":"https:\/\/www.faredecorazione.it\/index.php?rest_route=\/wp\/v2\/posts\/104\/revisions"}],"predecessor-version":[{"id":18963,"href":"https:\/\/www.faredecorazione.it\/index.php?rest_route=\/wp\/v2\/posts\/104\/revisions\/18963"}],"wp:featuredmedia":[{"embeddable":true,"href":"https:\/\/www.faredecorazione.it\/index.php?rest_route=\/wp\/v2\/media\/9218"}],"wp:attachment":[{"href":"https:\/\/www.faredecorazione.it\/index.php?rest_route=%2Fwp%2Fv2%2Fmedia&parent=104"}],"wp:term":[{"taxonomy":"category","embeddable":true,"href":"https:\/\/www.faredecorazione.it\/index.php?rest_route=%2Fwp%2Fv2%2Fcategories&post=104"},{"taxonomy":"post_tag","embeddable":true,"href":"https:\/\/www.faredecorazione.it\/index.php?rest_route=%2Fwp%2Fv2%2Ftags&post=104"}],"curies":[{"name":"wp","href":"https:\/\/api.w.org\/{rel}","templated":true}]}}